{"id":162101,"date":"2026-09-06T03:32:00","date_gmt":"2026-09-06T00:32:00","guid":{"rendered":"https:\/\/balticguide.ee\/?p=162101"},"modified":"2026-09-05T09:37:08","modified_gmt":"2026-09-05T06:37:08","slug":"finnish-paddlers-to-take-on-the-emajogi-in-a-weeks-time","status":"publish","type":"post","link":"https:\/\/balticguide.ee\/en\/finnish-paddlers-to-take-on-the-emajogi-in-a-weeks-time\/","title":{"rendered":"Finnish Paddlers to Take on the Emaj\u00f5gi in a Week&#8217;s Time"},"content":{"rendered":"\n<p class=\"p1\" style=\"text-align: left;\">One of Estonia&#8217;s longest-running paddling and rowing events, the Emaj\u00f5gi Marathon, will take place for the 44th time next Saturday, 12 September. Although the V\u00f5handu Marathon, held each spring since 2006, is Estonia&#8217;s best-known competition thanks to its 100-kilometre route and more than 2,000 participants, the event travelling from Lake V\u00f5rtsj\u00e4rv to Tartu has retained its position as a respected autumn tradition.<\/p>\n<p class=\"p1\" style=\"text-align: left;\">The Emaj\u00f5gi Marathon is open to both competitive and recreational paddlers and rowers. Participants can choose from three distances\u201456, 37, and 17 kilometres\u2014and can take part in their respective categories by kayak, canoe, SUP board or rowing boat. The longest route starts in J\u00f5esuu on the northeastern shore of Lake V\u00f5rtsj\u00e4rv, the middle-distance route begins in Reku, and the shortest starts in K\u00e4revere. All categories share a common finish beside the Lodjakoda centre in Tartu.<\/p>\n<p class=\"p1\" style=\"text-align: left;\">The event&#8217;s organisational and competition centre moves during the day in step with the progress of the race. Before 9:00, it operates at the starting area in J\u00f5esuu, later moving to Reku and K\u00e4revere before transferring to the finish area in Tartu for the afternoon. Competitors are largely responsible for arranging their own transport to the starting points, but the organiser, the Estonian Canoeing Federation, also offers pre-bookable paid transport for both paddlers and their equipment. At the finish line, participants are welcomed with a medal, hot soup, a warm sauna and a red carpet leading to the medal presentation and photo backdrop.<\/p>\n<p class=\"p1\" style=\"text-align: left;\">The Estonian Canoeing Federation has not actively marketed this charming event, involving around a hundred canoes and boats, internationally. However, word has spread through social media and among V\u00f5handu Marathon participants. As a result, Finnish paddlers will also be taking to the route next week. The current list of registered participants includes at least the kayaking pair <b>Jussi Wallin<\/b> and <b>Hannu Kaukola<\/b>, as well as individual paddlers <b>Ilkka Ritvos<\/b> and <b>Miska Nummela<\/b> in the main-distance event. Registration is still open <span style=\"color: #0000ff;\"><a style=\"color: #0000ff;\" href=\"https:\/\/app.aerutaja.ee\/en\/registreerimine\/5da8bf49572d1060804d118690e5843e\/\" target=\"_blank\" rel=\"noopener\"><span class=\"s1\">here<\/span><\/a><\/span>. The participation fee is \u20ac35 per person, or \u20ac30 for members of a paddling club.<\/p>\n<p class=\"p1\" style=\"text-align: left;\">Tartu is easy to reach from Finland, making the Emaj\u00f5gi Marathon an attractive option for those who would like to try an international river race without spending a long time travelling. Taking part is made even easier by several companies operating in the Tartu region, including <span style=\"color: #0000ff;\"><a style=\"color: #0000ff;\" href=\"https:\/\/www.facebook.com\/events\/1815227629670105\/\" target=\"_blank\" rel=\"noopener\"><span class=\"s1\">Vooluga kaasa<\/span><\/a><\/span> and <span style=\"color: #0000ff;\"><a style=\"color: #0000ff;\" href=\"https:\/\/loodusturism.ee\/matk\/emajoe-maraton-2026-kanuu-kajaki-susta-ja-sup-laua-rent\/\" target=\"_blank\" rel=\"noopener\"><span class=\"s1\">Loodusturism.ee<\/span><\/a><\/span>, which offer canoe or boat rental, including transport services for those who need them. More information about the marathon is available on the <span style=\"color: #0000ff;\"><a style=\"color: #0000ff;\" href=\"https:\/\/app.aerutaja.ee\/tulemused\/view\/10188871\" target=\"_blank\" rel=\"noopener\"><span class=\"s1\">official results and information page<\/span><\/a><\/span> and on <span style=\"color: #0000ff;\"><a style=\"color: #0000ff;\" href=\"https:\/\/www.facebook.com\/events\/2191085778382628\" target=\"_blank\" rel=\"noopener\"><span class=\"s1\">Facebook<\/span><\/a><\/span>.<\/p>\n<p class=\"p1\" style=\"text-align: left;\">\u00a0<\/p>\n","protected":false},"excerpt":{"rendered":"<p>One of Estonia&#8217;s longest-running paddling and rowing events, the Emaj\u00f5gi Marathon, will take place for the 44th time next Saturday, &hellip; <span class=\"read-more-excerpt\">Read more<\/span><\/p>\n","protected":false},"author":10,"featured_media":162093,"comment_status":"closed","ping_status":"closed","sticky":false,"template":"","format":"standard","meta":{"_acf_changed":false,"_monsterinsights_skip_tracking":false,"footnotes":"","_links_to":"","_links_to_target":""},"categories":[44],"tags":[291,13270,20553,28251,28252,28253,28254,28255,28256,28257],"class_list":["post-162101","post","type-post","status-publish","format-standard","has-post-thumbnail","hentry","category-leisure","tag-events","tag-tartu-2","tag-competition","tag-rowing","tag-emajogi-marathon","tag-paddling","tag-river-paddling","tag-river-adventure","tag-recreational-sport","tag-lake-vortsjarv"],"acf":[],"aioseo_notices":[],"aioseo_head":"\n\t\t<!-- All in One SEO 5.0.1.1 - aioseo.com -->\n\t<meta name=\"description\" content=\"From Lake V\u00f5rtsj\u00e4rv to Tartu by kayak, canoe, boat or SUP board? Yes, and this year, for the 44th time as a competition.\" \/>\n\t<meta name=\"robots\" content=\"max-image-preview:large\" \/>\n\t<meta name=\"author\" content=\"toimetaja\"\/>\n\t<meta name=\"p:domain_verify\" content=\"aa5ecbeef8ceb48d5856d5ada58734dc\" \/>\n\t<link rel=\"canonical\" href=\"https:\/\/balticguide.ee\/en\/finnish-paddlers-to-take-on-the-emajogi-in-a-weeks-time\/\" \/>\n\t<meta name=\"generator\" content=\"All in One SEO (AIOSEO) 5.0.1.1\" \/>\n\t\t<meta property=\"og:locale\" content=\"en_US\" \/>\n\t\t<meta property=\"og:site_name\" content=\"The Baltic Guide Online -\" \/>\n\t\t<meta property=\"og:type\" content=\"article\" \/>\n\t\t<meta property=\"og:title\" content=\"Emaj\u00f5gi Marathon 2026\" \/>\n\t\t<meta property=\"og:description\" content=\"From Lake V\u00f5rtsj\u00e4rv to Tartu by kayak, canoe, boat or SUP board? Yes, and this year, for the 44th time as a competition.\" \/>\n\t\t<meta property=\"og:url\" content=\"https:\/\/balticguide.ee\/en\/finnish-paddlers-to-take-on-the-emajogi-in-a-weeks-time\/\" \/>\n\t\t<meta property=\"og:image\" content=\"https:\/\/balticguide.ee\/wp-content\/uploads\/2026\/09\/kayaking-visit-estonia.jpg\" \/>\n\t\t<meta property=\"og:image:secure_url\" content=\"https:\/\/balticguide.ee\/wp-content\/uploads\/2026\/09\/kayaking-visit-estonia.jpg\" \/>\n\t\t<meta property=\"og:image:width\" content=\"1200\" \/>\n\t\t<meta property=\"og:image:height\" content=\"800\" \/>\n\t\t<meta property=\"article:published_time\" content=\"2026-09-06T00:32:00+00:00\" \/>\n\t\t<meta property=\"article:modified_time\" content=\"2026-09-05T06:37:08+00:00\" \/>\n\t\t<meta property=\"article:publisher\" content=\"https:\/\/www.facebook.com\/balticguideFIN\" \/>\n\t\t<meta name=\"twitter:card\" content=\"summary_large_image\" \/>\n\t\t<meta name=\"twitter:site\" content=\"@thebalticguide\" \/>\n\t\t<meta name=\"twitter:title\" content=\"Emaj\u00f5gi Marathon 2026\" \/>\n\t\t<meta name=\"twitter:description\" content=\"From Lake V\u00f5rtsj\u00e4rv to Tartu by kayak, canoe, boat or SUP board? Yes, and this year, for the 44th time as a competition.\" \/>\n\t\t<meta name=\"twitter:creator\" content=\"@thebalticguide\" \/>\n\t\t<meta name=\"twitter:image\" content=\"https:\/\/balticguide.ee\/wp-content\/uploads\/2017\/08\/logo.jpg\" \/>\n\t\t<script type=\"application\/ld+json\" class=\"aioseo-schema\">\n\t\t\t{\"@context\":\"https:\\\/\\\/schema.org\",\"@graph\":[{\"@type\":\"BlogPosting\",\"@id\":\"https:\\\/\\\/balticguide.ee\\\/en\\\/finnish-paddlers-to-take-on-the-emajogi-in-a-weeks-time\\\/#blogposting\",\"name\":\"Emaj\\u00f5gi Marathon 2026\",\"headline\":\"Finnish Paddlers to Take on the Emaj\\u00f5gi in a Week&#8217;s Time\",\"author\":{\"@id\":\"https:\\\/\\\/balticguide.ee\\\/en\\\/author\\\/toimetaja\\\/#author\"},\"publisher\":{\"@id\":\"https:\\\/\\\/balticguide.ee\\\/en\\\/#organization\"},\"image\":{\"@type\":\"ImageObject\",\"url\":\"https:\\\/\\\/balticguide.ee\\\/wp-content\\\/uploads\\\/2026\\\/09\\\/kayaking-visit-estonia.jpg\",\"width\":1200,\"height\":800},\"datePublished\":\"2026-09-06T03:32:00+03:00\",\"dateModified\":\"2026-09-05T09:37:08+03:00\",\"inLanguage\":\"en-US\",\"mainEntityOfPage\":{\"@id\":\"https:\\\/\\\/balticguide.ee\\\/en\\\/finnish-paddlers-to-take-on-the-emajogi-in-a-weeks-time\\\/#webpage\"},\"isPartOf\":{\"@id\":\"https:\\\/\\\/balticguide.ee\\\/en\\\/finnish-paddlers-to-take-on-the-emajogi-in-a-weeks-time\\\/#webpage\"},\"articleSection\":\"Leisure, events, Tartu, Competition, rowing, Emaj\\u00f5gi Marathon, paddling, river paddling, river adventure, recreational sport, Lake V\\u00f5rtsj\\u00e4rv, Optional, Optional\"},{\"@type\":\"BreadcrumbList\",\"@id\":\"https:\\\/\\\/balticguide.ee\\\/en\\\/finnish-paddlers-to-take-on-the-emajogi-in-a-weeks-time\\\/#breadcrumblist\",\"itemListElement\":[{\"@type\":\"ListItem\",\"@id\":\"https:\\\/\\\/balticguide.ee\\\/en\\\/#listItem\",\"position\":1,\"name\":\"Home\",\"item\":\"https:\\\/\\\/balticguide.ee\\\/en\\\/\",\"nextItem\":{\"@type\":\"ListItem\",\"@id\":\"https:\\\/\\\/balticguide.ee\\\/en\\\/category\\\/leisure\\\/#listItem\",\"name\":\"Leisure\"}},{\"@type\":\"ListItem\",\"@id\":\"https:\\\/\\\/balticguide.ee\\\/en\\\/category\\\/leisure\\\/#listItem\",\"position\":2,\"name\":\"Leisure\",\"item\":\"https:\\\/\\\/balticguide.ee\\\/en\\\/category\\\/leisure\\\/\",\"nextItem\":{\"@type\":\"ListItem\",\"@id\":\"https:\\\/\\\/balticguide.ee\\\/en\\\/finnish-paddlers-to-take-on-the-emajogi-in-a-weeks-time\\\/#listItem\",\"name\":\"Finnish Paddlers to Take on the Emaj\\u00f5gi in a Week&#8217;s Time\"},\"previousItem\":{\"@type\":\"ListItem\",\"@id\":\"https:\\\/\\\/balticguide.ee\\\/en\\\/#listItem\",\"name\":\"Home\"}},{\"@type\":\"ListItem\",\"@id\":\"https:\\\/\\\/balticguide.ee\\\/en\\\/finnish-paddlers-to-take-on-the-emajogi-in-a-weeks-time\\\/#listItem\",\"position\":3,\"name\":\"Finnish Paddlers to Take on the Emaj\\u00f5gi in a Week&#8217;s Time\",\"previousItem\":{\"@type\":\"ListItem\",\"@id\":\"https:\\\/\\\/balticguide.ee\\\/en\\\/category\\\/leisure\\\/#listItem\",\"name\":\"Leisure\"}}]},{\"@type\":\"Organization\",\"@id\":\"https:\\\/\\\/balticguide.ee\\\/en\\\/#organization\",\"name\":\"The Baltic Guide Online\",\"url\":\"https:\\\/\\\/balticguide.ee\\\/en\\\/\",\"telephone\":\"+37256462334\",\"logo\":{\"@type\":\"ImageObject\",\"url\":\"https:\\\/\\\/balticguide.ee\\\/wp-content\\\/uploads\\\/2020\\\/11\\\/TBGlogo_arkistosse.png\",\"@id\":\"https:\\\/\\\/balticguide.ee\\\/en\\\/finnish-paddlers-to-take-on-the-emajogi-in-a-weeks-time\\\/#organizationLogo\",\"width\":194,\"height\":143},\"image\":{\"@id\":\"https:\\\/\\\/balticguide.ee\\\/en\\\/finnish-paddlers-to-take-on-the-emajogi-in-a-weeks-time\\\/#organizationLogo\"},\"sameAs\":[\"https:\\\/\\\/www.facebook.com\\\/balticguideFIN\",\"https:\\\/\\\/twitter.com\\\/@thebalticguide\",\"https:\\\/\\\/www.instagram.com\\\/thebalticguide\"]},{\"@type\":\"Person\",\"@id\":\"https:\\\/\\\/balticguide.ee\\\/en\\\/author\\\/toimetaja\\\/#author\",\"url\":\"https:\\\/\\\/balticguide.ee\\\/en\\\/author\\\/toimetaja\\\/\",\"name\":\"toimetaja\",\"image\":{\"@type\":\"ImageObject\",\"@id\":\"https:\\\/\\\/balticguide.ee\\\/en\\\/finnish-paddlers-to-take-on-the-emajogi-in-a-weeks-time\\\/#authorImage\",\"url\":\"https:\\\/\\\/secure.gravatar.com\\\/avatar\\\/819149cb2c85f1e18893b669134726dd8581caedca66e24a8c8d408c73593e3e?s=96&d=mm&r=g\",\"width\":96,\"height\":96,\"caption\":\"toimetaja\"}},{\"@type\":\"WebPage\",\"@id\":\"https:\\\/\\\/balticguide.ee\\\/en\\\/finnish-paddlers-to-take-on-the-emajogi-in-a-weeks-time\\\/#webpage\",\"url\":\"https:\\\/\\\/balticguide.ee\\\/en\\\/finnish-paddlers-to-take-on-the-emajogi-in-a-weeks-time\\\/\",\"name\":\"Emaj\\u00f5gi Marathon 2026\",\"description\":\"From Lake V\\u00f5rtsj\\u00e4rv to Tartu by kayak, canoe, boat or SUP board? Yes, and this year, for the 44th time as a competition.\",\"inLanguage\":\"en-US\",\"isPartOf\":{\"@id\":\"https:\\\/\\\/balticguide.ee\\\/en\\\/#website\"},\"breadcrumb\":{\"@id\":\"https:\\\/\\\/balticguide.ee\\\/en\\\/finnish-paddlers-to-take-on-the-emajogi-in-a-weeks-time\\\/#breadcrumblist\"},\"author\":{\"@id\":\"https:\\\/\\\/balticguide.ee\\\/en\\\/author\\\/toimetaja\\\/#author\"},\"creator\":{\"@id\":\"https:\\\/\\\/balticguide.ee\\\/en\\\/author\\\/toimetaja\\\/#author\"},\"image\":{\"@type\":\"ImageObject\",\"url\":\"https:\\\/\\\/balticguide.ee\\\/wp-content\\\/uploads\\\/2026\\\/09\\\/kayaking-visit-estonia.jpg\",\"@id\":\"https:\\\/\\\/balticguide.ee\\\/en\\\/finnish-paddlers-to-take-on-the-emajogi-in-a-weeks-time\\\/#mainImage\",\"width\":1200,\"height\":800},\"primaryImageOfPage\":{\"@id\":\"https:\\\/\\\/balticguide.ee\\\/en\\\/finnish-paddlers-to-take-on-the-emajogi-in-a-weeks-time\\\/#mainImage\"},\"datePublished\":\"2026-09-06T03:32:00+03:00\",\"dateModified\":\"2026-09-05T09:37:08+03:00\"},{\"@type\":\"WebSite\",\"@id\":\"https:\\\/\\\/balticguide.ee\\\/en\\\/#website\",\"url\":\"https:\\\/\\\/balticguide.ee\\\/en\\\/\",\"name\":\"The Baltic Guide Online\",\"inLanguage\":\"en-US\",\"publisher\":{\"@id\":\"https:\\\/\\\/balticguide.ee\\\/en\\\/#organization\"}}]}\n\t\t<\/script>\n\t\t<!-- All in One SEO -->\n\n","aioseo_head_json":{"title":"Emaj\u00f5gi Marathon 2026","description":"From Lake V\u00f5rtsj\u00e4rv to Tartu by kayak, canoe, boat or SUP board? Yes, and this year, for the 44th time as a competition.","canonical_url":"https:\/\/balticguide.ee\/en\/finnish-paddlers-to-take-on-the-emajogi-in-a-weeks-time\/","robots":"max-image-preview:large","keywords":"","webmasterTools":{"p:domain_verify":"aa5ecbeef8ceb48d5856d5ada58734dc","miscellaneous":""},"schema":{"@context":"https:\/\/schema.org","@graph":[{"@type":"BlogPosting","@id":"https:\/\/balticguide.ee\/en\/finnish-paddlers-to-take-on-the-emajogi-in-a-weeks-time\/#blogposting","name":"Emaj\u00f5gi Marathon 2026","headline":"Finnish Paddlers to Take on the Emaj\u00f5gi in a Week&#8217;s Time","author":{"@id":"https:\/\/balticguide.ee\/en\/author\/toimetaja\/#author"},"publisher":{"@id":"https:\/\/balticguide.ee\/en\/#organization"},"image":{"@type":"ImageObject","url":"https:\/\/balticguide.ee\/wp-content\/uploads\/2026\/09\/kayaking-visit-estonia.jpg","width":1200,"height":800},"datePublished":"2026-09-06T03:32:00+03:00","dateModified":"2026-09-05T09:37:08+03:00","inLanguage":"en-US","mainEntityOfPage":{"@id":"https:\/\/balticguide.ee\/en\/finnish-paddlers-to-take-on-the-emajogi-in-a-weeks-time\/#webpage"},"isPartOf":{"@id":"https:\/\/balticguide.ee\/en\/finnish-paddlers-to-take-on-the-emajogi-in-a-weeks-time\/#webpage"},"articleSection":"Leisure, events, Tartu, Competition, rowing, Emaj\u00f5gi Marathon, paddling, river paddling, river adventure, recreational sport, Lake V\u00f5rtsj\u00e4rv, Optional, Optional"},{"@type":"BreadcrumbList","@id":"https:\/\/balticguide.ee\/en\/finnish-paddlers-to-take-on-the-emajogi-in-a-weeks-time\/#breadcrumblist","itemListElement":[{"@type":"ListItem","@id":"https:\/\/balticguide.ee\/en\/#listItem","position":1,"name":"Home","item":"https:\/\/balticguide.ee\/en\/","nextItem":{"@type":"ListItem","@id":"https:\/\/balticguide.ee\/en\/category\/leisure\/#listItem","name":"Leisure"}},{"@type":"ListItem","@id":"https:\/\/balticguide.ee\/en\/category\/leisure\/#listItem","position":2,"name":"Leisure","item":"https:\/\/balticguide.ee\/en\/category\/leisure\/","nextItem":{"@type":"ListItem","@id":"https:\/\/balticguide.ee\/en\/finnish-paddlers-to-take-on-the-emajogi-in-a-weeks-time\/#listItem","name":"Finnish Paddlers to Take on the Emaj\u00f5gi in a Week&#8217;s Time"},"previousItem":{"@type":"ListItem","@id":"https:\/\/balticguide.ee\/en\/#listItem","name":"Home"}},{"@type":"ListItem","@id":"https:\/\/balticguide.ee\/en\/finnish-paddlers-to-take-on-the-emajogi-in-a-weeks-time\/#listItem","position":3,"name":"Finnish Paddlers to Take on the Emaj\u00f5gi in a Week&#8217;s Time","previousItem":{"@type":"ListItem","@id":"https:\/\/balticguide.ee\/en\/category\/leisure\/#listItem","name":"Leisure"}}]},{"@type":"Organization","@id":"https:\/\/balticguide.ee\/en\/#organization","name":"The Baltic Guide Online","url":"https:\/\/balticguide.ee\/en\/","telephone":"+37256462334","logo":{"@type":"ImageObject","url":"https:\/\/balticguide.ee\/wp-content\/uploads\/2020\/11\/TBGlogo_arkistosse.png","@id":"https:\/\/balticguide.ee\/en\/finnish-paddlers-to-take-on-the-emajogi-in-a-weeks-time\/#organizationLogo","width":194,"height":143},"image":{"@id":"https:\/\/balticguide.ee\/en\/finnish-paddlers-to-take-on-the-emajogi-in-a-weeks-time\/#organizationLogo"},"sameAs":["https:\/\/www.facebook.com\/balticguideFIN","https:\/\/twitter.com\/@thebalticguide","https:\/\/www.instagram.com\/thebalticguide"]},{"@type":"Person","@id":"https:\/\/balticguide.ee\/en\/author\/toimetaja\/#author","url":"https:\/\/balticguide.ee\/en\/author\/toimetaja\/","name":"toimetaja","image":{"@type":"ImageObject","@id":"https:\/\/balticguide.ee\/en\/finnish-paddlers-to-take-on-the-emajogi-in-a-weeks-time\/#authorImage","url":"https:\/\/secure.gravatar.com\/avatar\/819149cb2c85f1e18893b669134726dd8581caedca66e24a8c8d408c73593e3e?s=96&d=mm&r=g","width":96,"height":96,"caption":"toimetaja"}},{"@type":"WebPage","@id":"https:\/\/balticguide.ee\/en\/finnish-paddlers-to-take-on-the-emajogi-in-a-weeks-time\/#webpage","url":"https:\/\/balticguide.ee\/en\/finnish-paddlers-to-take-on-the-emajogi-in-a-weeks-time\/","name":"Emaj\u00f5gi Marathon 2026","description":"From Lake V\u00f5rtsj\u00e4rv to Tartu by kayak, canoe, boat or SUP board? Yes, and this year, for the 44th time as a competition.","inLanguage":"en-US","isPartOf":{"@id":"https:\/\/balticguide.ee\/en\/#website"},"breadcrumb":{"@id":"https:\/\/balticguide.ee\/en\/finnish-paddlers-to-take-on-the-emajogi-in-a-weeks-time\/#breadcrumblist"},"author":{"@id":"https:\/\/balticguide.ee\/en\/author\/toimetaja\/#author"},"creator":{"@id":"https:\/\/balticguide.ee\/en\/author\/toimetaja\/#author"},"image":{"@type":"ImageObject","url":"https:\/\/balticguide.ee\/wp-content\/uploads\/2026\/09\/kayaking-visit-estonia.jpg","@id":"https:\/\/balticguide.ee\/en\/finnish-paddlers-to-take-on-the-emajogi-in-a-weeks-time\/#mainImage","width":1200,"height":800},"primaryImageOfPage":{"@id":"https:\/\/balticguide.ee\/en\/finnish-paddlers-to-take-on-the-emajogi-in-a-weeks-time\/#mainImage"},"datePublished":"2026-09-06T03:32:00+03:00","dateModified":"2026-09-05T09:37:08+03:00"},{"@type":"WebSite","@id":"https:\/\/balticguide.ee\/en\/#website","url":"https:\/\/balticguide.ee\/en\/","name":"The Baltic Guide Online","inLanguage":"en-US","publisher":{"@id":"https:\/\/balticguide.ee\/en\/#organization"}}]},"og:locale":"en_US","og:site_name":"The Baltic Guide Online -","og:type":"article","og:title":"Emaj\u00f5gi Marathon 2026","og:description":"From Lake V\u00f5rtsj\u00e4rv to Tartu by kayak, canoe, boat or SUP board? Yes, and this year, for the 44th time as a competition.","og:url":"https:\/\/balticguide.ee\/en\/finnish-paddlers-to-take-on-the-emajogi-in-a-weeks-time\/","og:image":"https:\/\/balticguide.ee\/wp-content\/uploads\/2026\/09\/kayaking-visit-estonia.jpg","og:image:secure_url":"https:\/\/balticguide.ee\/wp-content\/uploads\/2026\/09\/kayaking-visit-estonia.jpg","og:image:width":1200,"og:image:height":800,"article:published_time":"2026-09-06T00:32:00+00:00","article:modified_time":"2026-09-05T06:37:08+00:00","article:publisher":"https:\/\/www.facebook.com\/balticguideFIN","twitter:card":"summary_large_image","twitter:site":"@thebalticguide","twitter:title":"Emaj\u00f5gi Marathon 2026","twitter:description":"From Lake V\u00f5rtsj\u00e4rv to Tartu by kayak, canoe, boat or SUP board? Yes, and this year, for the 44th time as a competition.","twitter:creator":"@thebalticguide","twitter:image":"https:\/\/balticguide.ee\/wp-content\/uploads\/2017\/08\/logo.jpg"},"aioseo_meta_data":{"post_id":"162101","title":"Emaj\u00f5gi Marathon 2026","description":"From Lake V\u00f5rtsj\u00e4rv to Tartu by kayak, canoe, boat or SUP board? Yes, and this year, for the 44th time as a competition.","keywords":null,"keyphrases":{"focus":{"keyphrase":"","score":0,"analysis":{"keyphraseInTitle":{"score":0,"maxScore":9,"error":1}}},"additional":[]},"primary_term":null,"canonical_url":null,"og_title":null,"og_description":null,"og_object_type":"default","og_image_type":"default","og_image_url":null,"og_image_width":null,"og_image_height":null,"og_image_custom_url":null,"og_image_custom_fields":null,"og_video":"","og_custom_url":null,"og_article_section":null,"og_article_tags":null,"twitter_use_og":false,"twitter_card":"default","twitter_image_type":"default","twitter_image_url":null,"twitter_image_custom_url":null,"twitter_image_custom_fields":null,"twitter_title":null,"twitter_description":null,"schema":{"blockGraphs":[],"customGraphs":[],"default":{"data":{"Article":[],"Course":[],"Dataset":[],"FAQPage":[],"Movie":[],"Person":[],"Product":[],"ProductReview":[],"Car":[],"Recipe":[],"Service":[],"SoftwareApplication":[],"WebPage":[]},"graphName":"BlogPosting","isEnabled":true},"graphs":[]},"schema_type":"default","schema_type_options":null,"pillar_content":false,"robots_default":true,"robots_noindex":false,"robots_noarchive":false,"robots_nosnippet":false,"robots_nofollow":false,"robots_noimageindex":false,"robots_noodp":false,"robots_notranslate":false,"robots_max_snippet":"-1","robots_max_videopreview":"-1","robots_max_imagepreview":"large","priority":null,"frequency":"default","local_seo":null,"breadcrumb_settings":null,"limit_modified_date":false,"ai":{"faqs":[],"keyPoints":[],"schemas":[],"titles":[],"descriptions":[],"socialPosts":{"email":{"subject":"","preview":"","content":""},"linkedin":[],"twitter":[],"facebook":[],"instagram":[]}},"created":"2026-09-05 06:32:01","updated":"2026-09-06 00:32:57","seo_analyzer_scan_date":null,"focus_keyword":null,"additional_keywords":null,"truseo_locale":null},"aioseo_breadcrumb":"<div class=\"aioseo-breadcrumbs\"><span class=\"aioseo-breadcrumb\">\n\t\t\t<a href=\"https:\/\/balticguide.ee\/en\/\" title=\"Home\">Home<\/a>\n\t\t<\/span><span class=\"aioseo-breadcrumb-separator\">&raquo;<\/span><span class=\"aioseo-breadcrumb\">\n\t\t\t<a href=\"https:\/\/balticguide.ee\/en\/category\/leisure\/\" title=\"Leisure\">Leisure<\/a>\n\t\t<\/span><span class=\"aioseo-breadcrumb-separator\">&raquo;<\/span><span class=\"aioseo-breadcrumb\">\n\t\t\tFinnish Paddlers to Take on the Emaj\u00f5gi in a Week\u2019s Time\n\t\t<\/span><\/div>","aioseo_breadcrumb_json":[{"label":"Home","link":"https:\/\/balticguide.ee\/en\/"},{"label":"Leisure","link":"https:\/\/balticguide.ee\/en\/category\/leisure\/"},{"label":"Finnish Paddlers to Take on the Emaj\u00f5gi in a Week&#8217;s Time","link":"https:\/\/balticguide.ee\/en\/finnish-paddlers-to-take-on-the-emajogi-in-a-weeks-time\/"}],"_links":{"self":[{"href":"https:\/\/balticguide.ee\/en\/wp-json\/wp\/v2\/posts\/162101","targetHints":{"allow":["GET"]}}],"collection":[{"href":"https:\/\/balticguide.ee\/en\/wp-json\/wp\/v2\/posts"}],"about":[{"href":"https:\/\/balticguide.ee\/en\/wp-json\/wp\/v2\/types\/post"}],"author":[{"embeddable":true,"href":"https:\/\/balticguide.ee\/en\/wp-json\/wp\/v2\/users\/10"}],"replies":[{"embeddable":true,"href":"https:\/\/balticguide.ee\/en\/wp-json\/wp\/v2\/comments?post=162101"}],"version-history":[{"count":1,"href":"https:\/\/balticguide.ee\/en\/wp-json\/wp\/v2\/posts\/162101\/revisions"}],"predecessor-version":[{"id":162104,"href":"https:\/\/balticguide.ee\/en\/wp-json\/wp\/v2\/posts\/162101\/revisions\/162104"}],"wp:featuredmedia":[{"embeddable":true,"href":"https:\/\/balticguide.ee\/en\/wp-json\/wp\/v2\/media\/162093"}],"wp:attachment":[{"href":"https:\/\/balticguide.ee\/en\/wp-json\/wp\/v2\/media?parent=162101"}],"wp:term":[{"taxonomy":"category","embeddable":true,"href":"https:\/\/balticguide.ee\/en\/wp-json\/wp\/v2\/categories?post=162101"},{"taxonomy":"post_tag","embeddable":true,"href":"https:\/\/balticguide.ee\/en\/wp-json\/wp\/v2\/tags?post=162101"}],"curies":[{"name":"wp","href":"https:\/\/api.w.org\/{rel}","templated":true}]}}